{"id":1545,"date":"2015-02-20T10:01:11","date_gmt":"2015-02-20T09:01:11","guid":{"rendered":"http:\/\/caponord-sports-orientation.fr\/wordpress\/index.php\/2015\/02\/20\/caponord-le-raid-reglement-2019\/"},"modified":"2015-02-20T10:01:11","modified_gmt":"2015-02-20T09:01:11","slug":"caponord-le-raid-reglement-2019","status":"publish","type":"post","link":"https:\/\/caponord-sports-orientation.fr\/index.php\/2015\/02\/20\/caponord-le-raid-reglement-2019\/","title":{"rendered":"Le r\u00e8glement 2019"},"content":{"rendered":"<p style=\"text-align: justify;\"><span style=\"text-decoration: underline; font-size: 18pt; color: #808080;\"><span style=\"font-family: arial, helvetica, sans-serif;\"><strong>R\u00e8glement raid CapOnord 2019<\/strong><\/span><\/span><\/p>\n<p style=\"text-align: justify;\"><span style=\"color: #000000; font-family: arial, helvetica, sans-serif; font-size: 12pt;\">Ce r\u00e8glement peut \u00eatre modifi\u00e9 jusqu&#8217;au dernier jour.<\/span><\/p>\n<p style=\"text-align: justify;\"><span style=\"text-decoration: underline; color: #808080; font-size: 14pt; font-family: arial, helvetica, sans-serif;\"><strong>Article 1\u00a0: Organisation<\/strong><\/span><\/p>\n<p style=\"text-align: justify;\"><span style=\"color: #000000; font-family: arial, helvetica, sans-serif; font-size: 12pt;\">Le raid CapOnord 2019 est organis\u00e9 par l&#8217;association CapOnord, Sports d&#8217;Orientation et le Service Universitaire des Activit\u00e9s Physiques et Sportives de l\u2019Universit\u00e9 du Littoral &#8211; C\u00f4te d\u2019Opale.<\/span><\/p>\n<p style=\"text-align: justify;\"><span style=\"color: #808080; font-size: 14pt;\"><strong><span style=\"text-decoration: underline; font-family: arial, helvetica, sans-serif;\">Article 2\u00a0: G\u00e9n\u00e9ralit\u00e9s<\/span><\/strong>\u00a0\u00a0<\/span><\/p>\n<p style=\"text-align: justify;\"><span style=\"font-family: arial, helvetica, sans-serif; font-size: 12pt; color: #000000;\">Le raid CapOnord 2019 aura lieu le Samedi 28 septembre 2019.<\/span><\/p>\n<p style=\"text-align: justify;\"><span style=\"font-family: arial, helvetica, sans-serif; font-size: 12pt; color: #000000;\">L\u2019organisation se r\u00e9serve le droit de modifier le parcours ou de supprimer une \u00e9preuve pour des raisons de s\u00e9curit\u00e9.<\/span><\/p>\n<p style=\"text-align: justify;\"><span style=\"font-family: arial, helvetica, sans-serif; font-size: 12pt; color: #000000;\">Sur les domaines travers\u00e9s (publics ou priv\u00e9s), les concurrents doivent respecter les ordres de priorit\u00e9s suivants :<\/span><\/p>\n<p style=\"text-align: justify;\"><span style=\"font-family: arial, helvetica, sans-serif; font-size: 12pt; color: #000000;\">&#8211; Le marcheur \u00e0 pied est prioritaire par rapport au coureur \u00e0 pied et au cycliste.<\/span><\/p>\n<p style=\"text-align: justify;\"><span style=\"font-family: arial, helvetica, sans-serif; font-size: 12pt; color: #000000;\">&#8211; Le coureur \u00e0 pied est prioritaire par rapport au cycliste.<\/span><\/p>\n<p style=\"text-align: justify;\"><span style=\"font-family: arial, helvetica, sans-serif; font-size: 12pt; color: #000000;\">&#8211; Le cheval est prioritaire par rapport au cycliste.<\/span><\/p>\n<p style=\"text-align: justify;\"><span style=\"font-family: arial, helvetica, sans-serif; font-size: 12pt; color: #000000;\">Les concurrents n&#8217;ont \u00e0 aucun moment priorit\u00e9 sur les routes et chemins.<\/span><\/p>\n<p style=\"text-align: justify;\"><span style=\"font-family: arial, helvetica, sans-serif; font-size: 12pt; color: #000000;\">Le non-respect du r\u00e8glement ou de l\u2019\u00e9thique sportive entra\u00eenera la responsabilit\u00e9 exclusive du contrevenant et la disqualification imm\u00e9diate de l\u2019\u00e9quipe.<\/span><\/p>\n<p style=\"text-align: justify;\"><span style=\"font-family: arial, helvetica, sans-serif; font-size: 12pt; color: #000000;\">Les chasubles devront \u00eatre visibles tout au long de l\u2019\u00e9preuve.<\/span><\/p>\n<p style=\"text-align: justify;\"><span style=\"font-family: arial, helvetica, sans-serif; font-size: 14pt;\"><strong><span style=\"text-decoration: underline; color: #808080;\">Article 3\u00a0: Equipes<\/span><\/strong><\/span><\/p>\n<p style=\"text-align: justify;\"><span style=\"font-family: arial, helvetica, sans-serif; font-size: 12pt; color: #000000;\">Les \u00e9quipes sont compos\u00e9es de 2 ou 3 personnes.<\/span><\/p>\n<p style=\"text-align: justify;\"><span style=\"font-family: arial, helvetica, sans-serif; font-size: 12pt; color: #000000;\">L\u2019\u00e9preuve est ouverte aux \u00e9quipes masculines, f\u00e9minines ou mixtes.<\/span><\/p>\n<p style=\"text-align: justify;\"><span style=\"font-family: arial, helvetica, sans-serif; font-size: 12pt; color: #000000;\">Chaque \u00e9quipe doit effectuer la totalit\u00e9 du parcours \u00e0 2 ou \u00e0 3 selon le nombre de personnes composant l&#8217;\u00e9quipe (distance maximum de 50 m entre les \u00e9quipiers) et respecter le code de la route sous peine de disqualification.<\/span><\/p>\n<p style=\"text-align: justify;\"><span style=\"font-family: arial, helvetica, sans-serif; font-size: 12pt; color: #000000;\">Les \u00e9quipes partiront sur un m\u00eame parcours mais au-del\u00e0 d\u2019une barri\u00e8re horaire, les concurrents pourront se voir refuser l\u2019acc\u00e8s \u00e0 certaines \u00e9preuves.<\/span><\/p>\n<p style=\"text-align: justify;\"><span style=\"text-decoration: underline; font-size: 14pt;\"><span style=\"color: #808080; font-family: arial, helvetica, sans-serif; text-decoration: underline;\"><strong>Article 4\u00a0: Inscriptions &#8211; Remboursements &#8211; Assurances<\/strong><\/span><\/span><\/p>\n<p style=\"text-align: justify;\"><span style=\"font-family: arial, helvetica, sans-serif; font-size: 12pt; color: #000000;\">Les inscriptions se font en ligne directement \u00e0 partir de la page &#8220;Inscriptions&#8221;\u00a0du raid CapOnord sur notre site www.caponord-sports-orientation.fr et ce jusqu&#8217;au\u00a026 septembre 2019 \u00e0 minuit.<\/span><\/p>\n<p style=\"text-align: justify;\"><span style=\"font-family: arial, helvetica, sans-serif; font-size: 12pt; color: #000000;\">L\u2019\u00e9preuve est ouverte\u00a0pour la formule &#8220;<u>Raid Famille Dunes de Flandre<\/u>&#8221; \u00e0 tous les concurrents ayant atteint l&#8217;\u00e2ge de 8 ans le jour du raid.\u00a0Tout jeune de moins de 14 ans doit obligatoirement \u00eatre accompagn\u00e9 par un adulte.<\/span><\/p>\n<p style=\"text-align: justify;\"><span style=\"font-family: arial, helvetica, sans-serif; font-size: 12pt; color: #000000;\">Chaque raideur mineur doit pr\u00e9senter une <strong>autorisation parentale<\/strong>, au plus tard le jour de l&#8217;\u00e9preuve (t\u00e9l\u00e9chargeable sur le site internet de CapOnord sur la page &#8220;Inscriptions&#8221; ou sur le site d&#8217;inscription).<\/span><\/p>\n<p style=\"text-align: justify;\"><span style=\"font-family: arial, helvetica, sans-serif; font-size: 12pt; color: #000000;\">Chaque raideur doit pr\u00e9senter <strong>un certificat m\u00e9dical<\/strong> sp\u00e9cifiant l\u2019aptitude \u00e0 la pratique des activit\u00e9s de raid en comp\u00e9tition et datant de moins d&#8217;un an au jour de la comp\u00e9tition (t\u00e9l\u00e9chargeable sur le site internet de CapOnord sur la page &#8220;Inscriptions&#8221; ou sur le site d&#8217;inscription) ou poss\u00e9der une licence FFCO, FFTRI, FFA ou FFSU en cours de validit\u00e9 au plus tard le jour de l&#8217;\u00e9preuve.<\/span><\/p>\n<p style=\"text-align: justify;\"><span style=\"font-family: arial, helvetica, sans-serif; font-size: 12pt; color: #000000;\">L&#8217;inscription comprend : Un lot d&#8217;accueil, les ravitaillements liquides et solides, les chasubles de course (\u00e0 restituer \u00e0 l\u2019issue de la course), l\u2019acc\u00e8s aux \u00e9preuves, l\u2019assistance m\u00e9dicale, les diff\u00e9rents documents de course et le pr\u00eat de la puce\u00a0Sportident.<\/span><\/p>\n<p style=\"text-align: justify;\"><span style=\"font-family: arial, helvetica, sans-serif; font-size: 12pt; color: #000000;\">Les documents d\u2019inscription (certificat m\u00e9dical ou licence f\u00e9d\u00e9rale et \u00e9ventuellement autorisation parentale) sont \u00e0 joindre directement lors de votre inscription sur le site internet.<\/span><\/p>\n<p style=\"text-align: justify;\"><span style=\"font-family: arial, helvetica, sans-serif; font-size: 12pt; color: #000000;\">Le montant de l&#8217;inscription par personne est de\u00a0:<\/span><\/p>\n<table>\n<tbody>\n<tr>\n<td style=\"text-align: center;\" width=\"125\">\n<p>\u00a0<\/p>\n<\/td>\n<td style=\"text-align: center;\" width=\"111\">\n<p><span style=\"background-color: #00ff00;\">Jusqu\u2019au 5\/09\/2019<\/span><\/p>\n<\/td>\n<td style=\"text-align: center;\" width=\"195\">\n<p><span style=\"background-color: #00ccff;\">A partir \u00a0 du 6\/09\/2019<\/span><\/p>\n<p><span style=\"background-color: #00ccff;\">Jusqu\u2019au 19\/09\/2019<\/span><\/p>\n<\/td>\n<td style=\"text-align: center;\" width=\"176\">\n<p><span style=\"background-color: #ff9900;\">A partir \u00a0 du 20\/09\/2019<\/span><\/p>\n<p><span style=\"background-color: #ff9900;\">Jusqu\u2019au 26\/09\/2019<\/span><\/p>\n<\/td>\n<\/tr>\n<tr>\n<td style=\"text-align: center;\" width=\"125\">\n<p>Raid Famille Dunes de Flandre<\/p>\n<\/td>\n<td style=\"text-align: center;\" width=\"111\">\n<p><span style=\"background-color: #00ff00;\">10 \u20ac\/ pers.<\/span><\/p>\n<\/td>\n<td style=\"text-align: center;\" width=\"195\">\n<p><span style=\"background-color: #00ccff;\">12.5 \u20ac\/ pers.<\/span><\/p>\n<\/td>\n<td style=\"text-align: center;\" width=\"176\">\n<p><span style=\"background-color: #ff9900;\">15 \u20ac\/ pers.<\/span><\/p>\n<\/td>\n<\/tr>\n<\/tbody>\n<\/table>\n<p style=\"text-align: justify;\"><span style=\"font-family: arial, helvetica, sans-serif; font-size: 12pt; color: #000000;\">Chaque inscription sera prise en compte d\u00e8s validation du paiement sur le site du raid et r\u00e9ception des documents obligatoires (certificat m\u00e9dical ou licence f\u00e9d\u00e9rale et \u00e9ventuellement autorisation parentale).<\/span><\/p>\n<p><span style=\"font-family: arial, helvetica, sans-serif; font-size: 12pt; color: #000000;\">Pr\u00e9voir ch\u00e8que de caution de 50 euros pour le pr\u00eat de la puce\u00a0Sportident.<\/span><\/p>\n<p><span style=\"font-family: arial, helvetica, sans-serif; font-size: 12pt; color: #000000;\">Apr\u00e8s le paiement de votre inscription, tout d\u00e9sistement sera rembours\u00e9\u00a0:<\/span><\/p>\n<p style=\"text-align: justify;\"><span style=\"font-family: arial, helvetica, sans-serif; font-size: 12pt; color: #000000;\">&#8211; \u00e0 hauteur de 100 % (avec une retenue de 5 \u20ac de traitement du dossier) jusqu&#8217;au 14\/09\/2019 inclus.<\/span><\/p>\n<p style=\"text-align: justify;\"><span style=\"font-family: arial, helvetica, sans-serif; font-size: 12pt; color: #000000;\">&#8211; \u00e0 hauteur de 50 % du 15 au\u00a020\/09\/2019 inclus (avec une retenue de 5 \u20ac de traitement du dossier).<\/span><\/p>\n<p><span style=\"font-family: arial, helvetica, sans-serif; font-size: 12pt; color: #000000;\">&#8211; aucun remboursement \u00e0 partir du 21\/09\/2019.<\/span><\/p>\n<p><span style=\"font-family: arial, helvetica, sans-serif; font-size: 12pt; color: #000000;\">Chaque concurrent\u00a0doit poss\u00e9der une assurance responsabilit\u00e9 civile et individuelle.<\/span><\/p>\n<p style=\"text-align: justify;\"><span style=\"font-family: arial, helvetica, sans-serif; font-size: 12pt; color: #000000;\">Les concurrents s\u2019engagent sur le raid en toute connaissance de cause et d\u00e9gagent par avance l\u2019organisateur de toute responsabilit\u00e9 p\u00e9nale ou civile en cas d\u2019accident corporel ou mat\u00e9riel qui pourrait survenir pendant l\u2019\u00e9preuve. L\u2019organisation n\u2019est pas responsable du comportement des \u00e9quipes enfreignant la l\u00e9gislation du code de la route.<\/span><\/p>\n<p style=\"text-align: justify;\"><span style=\"font-family: arial, helvetica, sans-serif; font-size: 12pt; color: #000000;\">Seules les \u00e9quipes dont le dossier sera complet et qui auront accept\u00e9 le r\u00e8glement pourront participer \u00e0 l\u2019\u00e9preuve.<\/span><\/p>\n<p><span style=\"font-family: arial, helvetica, sans-serif; font-size: 12pt; color: #000000;\">Les inscriptions compl\u00e8tes seront affich\u00e9es sur le site internet du raid.<\/span><\/p>\n<p><span style=\"font-family: arial, helvetica, sans-serif; font-size: 14pt;\"><strong><span style=\"text-decoration: underline; color: #808080;\">Article 5\u00a0: Assistance<\/span><\/strong><\/span><\/p>\n<p><span style=\"font-family: arial, helvetica, sans-serif; font-size: 12pt; color: #000000;\">L\u2019assistance pour une \u00e9quipe lors de l\u2019\u00e9preuve est interdite et entra\u00eenera la mise hors course de l\u2019\u00e9quipe.<\/span><\/p>\n<p><span style=\"font-size: 14pt;\"><strong><span style=\"text-decoration: underline; color: #808080; font-family: arial, helvetica, sans-serif;\">Article 6\u00a0: Mat\u00e9riel Raid Famille Dunes de Flandre<\/span><\/strong><\/span><\/p>\n<p style=\"text-align: justify;\"><span style=\"font-family: arial, helvetica, sans-serif; font-size: 12pt; color: #000000;\"><strong>Les mat\u00e9riels<\/strong> utilis\u00e9s par les concurrents devront imp\u00e9rativement \u00eatre normalis\u00e9s CE. Il est de la responsabilit\u00e9 du concurrent d&#8217;avoir un mat\u00e9riel individuel adapt\u00e9 et en bon \u00e9tat de fonctionnement.<\/span><\/p>\n<p style=\"text-align: justify;\"><span style=\"font-family: arial, helvetica, sans-serif; font-size: 12pt; color: #000000;\"><u>Mat\u00e9riel obligatoire par personne :<\/u>\u00a0Un VTT par concurrent \u2013 un\u00a0casque norme CE (obligatoire sur section VTT) \u2013 mat\u00e9riel de r\u00e9paration \u2013 une couverture de survie &#8211; un v\u00eatement adapt\u00e9 aux conditions climatiques.<\/span><\/p>\n<p style=\"text-align: justify;\"><span style=\"font-family: arial, helvetica, sans-serif; font-size: 12pt; color: #000000;\"><u>Mat\u00e9riel obligatoire par \u00e9quipe<\/u> : Un t\u00e9l\u00e9phone portable (fournir le num\u00e9ro \u00e0 l&#8217;organisateur) \u2013 une r\u00e8gle et un stylo.<\/span><\/p>\n<p style=\"text-align: justify;\"><span style=\"font-family: arial, helvetica, sans-serif; font-size: 12pt; color: #000000;\"><u>Mat\u00e9riel conseill\u00e9 par \u00e9quipe<\/u>\u00a0: Une boussole \u2013 un porte-carte sur le VTT \u2013 un compteur VTT \u2013 une protection \u00e9tanche pour le t\u00e9l\u00e9phone \u2013 ravitaillement personnel (liquide et solide).<\/span><\/p>\n<p style=\"text-align: justify;\"><span style=\"font-family: arial, helvetica, sans-serif; font-size: 12pt; color: #000000;\">Le port de la chasuble ou du dossard visible devant, sera obligatoire sur toute la course.<\/span><\/p>\n<p><span style=\"font-size: 14pt;\"><strong><span style=\"text-decoration: underline; color: #808080;\"><span style=\"font-family: arial, helvetica, sans-serif;\">Article 7 : Principe du raid<\/span><\/span><\/strong><\/span><\/p>\n<p style=\"text-align: justify;\"><span style=\"font-family: arial, helvetica, sans-serif; font-size: 12pt; color: #000000;\">Le chronom\u00e8tre sera d\u00e9clench\u00e9 en d\u00e9but de parcours et arr\u00eat\u00e9 \u00e0 la fin.<\/span><\/p>\n<p style=\"text-align: justify;\"><span style=\"font-family: arial, helvetica, sans-serif; font-size: 12pt; color: #000000;\">Chaque \u00e9quipe doit pointer un maximum de balise dans le temps imparti \u00e0 l\u2019ensemble de l\u2019\u00e9preuve.<\/span><\/p>\n<p style=\"text-align: justify;\"><span style=\"font-family: arial, helvetica, sans-serif; font-size: 12pt; color: #000000;\">Les sections devront parfois s\u2019encha\u00eener \u00e0 la mani\u00e8re d\u00e9finie par les organisateurs, et parfois s\u2019encha\u00eener en fonction du choix des raiders (voir feuille de route).<\/span><\/p>\n<p style=\"text-align: justify;\"><span style=\"font-family: arial, helvetica, sans-serif; font-size: 12pt; color: #000000;\">Certaines sections pourront \u00eatre saut\u00e9es, soit parce que l&#8217;\u00e9quipe le souhaite, soit parce que la porte horaire de la section sera d\u00e9pass\u00e9e.<\/span><\/p>\n<p style=\"text-align: justify;\"><span style=\"font-family: arial, helvetica, sans-serif; font-size: 12pt; color: #000000;\">Sur chaque section, des points de contr\u00f4le num\u00e9rot\u00e9s ou balises (PC) sont \u00e0 valider, ils valent chacun un nombre de points dont la valeur sera indiqu\u00e9e sur la carte de la section ainsi que sur la feuille de route.<\/span><\/p>\n<p style=\"text-align: justify;\"><span style=\"font-family: arial, helvetica, sans-serif; font-size: 12pt; color: #000000;\">Les \u00e9quipiers doivent se pr\u00e9senter ensemble \u00e0 chaque balise ou PC, des contr\u00f4les seront effectu\u00e9s, les \u00e9quipes incompl\u00e8tes ne pourront pas valider leur passage au PC (sauf consignes particuli\u00e8res sur certaines \u00e9preuves).<\/span><\/p>\n<p style=\"text-align: justify;\"><span style=\"font-family: arial, helvetica, sans-serif; font-size: 12pt; color: #000000;\">Les balises (ou PC), mat\u00e9rialis\u00e9es sur le terrain par des toiles bicolores (blanche\/orange) ou par des c\u00f4nes de couleurs sont repr\u00e9sent\u00e9s par des ronds de couleurs rouges sur les cartes.<\/span><\/p>\n<p style=\"text-align: justify;\"><span style=\"font-family: arial, helvetica, sans-serif; font-size: 12pt; color: #000000;\">Les \u00e9quipes sont responsables de leur pointage, aucune r\u00e9clamation ne sera accept\u00e9e en cas d\u2019oubli.<\/span><\/p>\n<p style=\"text-align: justify;\"><span style=\"font-family: arial, helvetica, sans-serif; font-size: 12pt; color: #000000;\">Les \u00e9quipes g\u00e9reront leur temps de repos.<\/span><\/p>\n<p style=\"text-align: justify;\"><span style=\"font-family: arial, helvetica, sans-serif; font-size: 12pt; color: #000000;\">Les GPS comportant des \u00e9crans de localisation sont interdits.<\/span><\/p>\n<p style=\"text-align: justify;\"><span style=\"font-family: arial, helvetica, sans-serif; font-size: 12pt; color: #000000;\">Les VTT \u00e0 assistance \u00e9lectrique sont interdits.<\/span><\/p>\n<p style=\"text-align: justify;\"><span style=\"font-family: arial, helvetica, sans-serif; font-size: 12pt; color: #000000;\">Le temps de course\u00a0<u>maximum\u00a0<\/u>pour la formule Raid Famille Dunes de Flandre est de 2 h.<\/span><\/p>\n<p style=\"text-align: justify;\"><span style=\"font-family: arial, helvetica, sans-serif; font-size: 12pt; color: #000000;\">Si des \u00e9quipes rentrent apr\u00e8s l\u2019horaire de fin, elles auront une p\u00e9nalit\u00e9 de 10 points par minute de retard entam\u00e9e.<\/span><\/p>\n<p style=\"text-align: justify;\"><span style=\"font-family: arial, helvetica, sans-serif; font-size: 12pt; color: #000000;\">Modifications de parcours\u00a0:<\/span><\/p>\n<p style=\"text-align: justify;\"><span style=\"font-family: arial, helvetica, sans-serif; font-size: 12pt; color: #000000;\">L\u2019organisateur pourra envisager de raccourcir ou d\u2019annuler l\u2019\u00e9preuve pour une partie ou la totalit\u00e9 des participants dans les cas suivants\u00a0:<\/span><\/p>\n<p style=\"text-align: justify;\"><span style=\"font-family: arial, helvetica, sans-serif; font-size: 12pt; color: #000000;\">&#8211; D\u00e9gradation des conditions m\u00e9t\u00e9orologiques ;<\/span><\/p>\n<p style=\"text-align: justify;\"><span style=\"font-family: arial, helvetica, sans-serif; font-size: 12pt; color: #000000;\">&#8211; Mauvaises conditions de pratique li\u00e9es \u00e0 la dangerosit\u00e9\/d\u00e9gradation du terrain ;<\/span><\/p>\n<p style=\"text-align: justify;\"><span style=\"font-family: arial, helvetica, sans-serif; font-size: 12pt; color: #000000;\">&#8211; \u00c9quipements d\u00e9fectueux (EPI, \u00e9quipements des concurrents) ;<\/span><\/p>\n<p style=\"text-align: justify;\"><span style=\"font-family: arial, helvetica, sans-serif; font-size: 12pt; color: #000000;\">&#8211; Progression trop lente de certaines \u00e9quipes ;<\/span><\/p>\n<p style=\"text-align: justify;\"><span style=\"font-family: arial, helvetica, sans-serif; font-size: 12pt; color: #000000;\">&#8211; Mise en danger de l\u2019int\u00e9grit\u00e9 physique des concurrents.<\/span><\/p>\n<p><span style=\"font-size: 14pt;\"><strong><span style=\"text-decoration: underline; color: #808080; font-family: arial, helvetica, sans-serif;\">Article 8 : Lieux, Horaire, Arriv\u00e9e, Classement et R\u00e9compenses<\/span><\/strong><\/span><\/p>\n<p style=\"text-align: justify;\"><span style=\"font-family: arial, helvetica, sans-serif; font-size: 12pt; color: #000000;\">Lieux\u00a0:<\/span><\/p>\n<p style=\"text-align: justify;\"><span style=\"font-family: arial, helvetica, sans-serif; font-size: 12pt; color: #000000;\">L&#8217;accueil de la course aura lieu au camping municipal &#8220;Les dunes&#8221; \u00e0 Bray-Dunes\u00a0(Coordonn\u00e9es GPS\u00a0: 51.079394,2.521867)<\/span><\/p>\n<p style=\"text-align: justify;\"><span style=\"font-family: arial, helvetica, sans-serif; font-size: 12pt; color: #000000;\">Horaires\u00a0:<\/span><\/p>\n<p style=\"text-align: justify;\"><span style=\"font-family: arial, helvetica, sans-serif; font-size: 12pt; color: #000000;\">Raid Famille Dunes de Flandre le 28\/09\/2019.<\/span><\/p>\n<p style=\"text-align: justify;\"><span style=\"font-family: arial, helvetica, sans-serif; font-size: 12pt; color: #000000;\">Accueil de 13 h 00 \u00e0 14 h 30.<\/span><\/p>\n<p style=\"text-align: justify;\"><span style=\"font-family: arial, helvetica, sans-serif; font-size: 12pt; color: #000000;\">D\u00e9part en convoi (VTT) \u00e0 14 h 30 vers le lieu de d\u00e9part.<\/span><\/p>\n<p style=\"text-align: justify;\"><span style=\"font-family: arial, helvetica, sans-serif; font-size: 12pt; color: #000000;\">Briefing \u00e0 14 h 50 sur le lieu de d\u00e9part.<\/span><\/p>\n<p style=\"text-align: justify;\"><span style=\"font-family: arial, helvetica, sans-serif; font-size: 12pt; color: #000000;\">D\u00e9part \u00e0 15 h 00.<\/span><\/p>\n<p style=\"text-align: justify;\"><span style=\"font-family: arial, helvetica, sans-serif; font-size: 12pt; color: #000000;\">Arriv\u00e9e jusqu&#8217;\u00e0 17 h 00 (pas de classement si arriv\u00e9e apr\u00e8s 17 h 30).<\/span><\/p>\n<p style=\"text-align: justify;\"><span style=\"font-family: arial, helvetica, sans-serif; font-size: 12pt; color: #000000;\">Classement\u00a0:<\/span><\/p>\n<p style=\"text-align: justify;\"><span style=\"font-family: arial, helvetica, sans-serif; font-size: 12pt; color: #000000;\">Le classement s\u2019effectue aux points. L&#8217;\u00e9quipe ayant marqu\u00e9 le plus grand nombre de points remporte l&#8217;\u00e9preuve.<\/span><\/p>\n<p style=\"text-align: justify;\"><span style=\"font-family: arial, helvetica, sans-serif; font-size: 12pt; color: #000000;\">Toute r\u00e9clamation concernant la course devra \u00eatre faite par \u00e9crit et transmise au PC course dans la demi-heure suivant l&#8217;arriv\u00e9e.<\/span><\/p>\n<p style=\"text-align: justify;\"><span style=\"font-family: arial, helvetica, sans-serif; font-size: 12pt; color: #000000;\">R\u00e9compenses\u00a0:<\/span><\/p>\n<p style=\"text-align: justify;\"><span style=\"font-family: arial, helvetica, sans-serif; font-size: 12pt; color: #000000;\">Une c\u00e9r\u00e9monie de remise des prix aura lieu \u00e0 l&#8217;issue des \u00e9preuves.<\/span><\/p>\n<p style=\"text-align: justify;\"><span style=\"font-family: arial, helvetica, sans-serif; font-size: 12pt; color: #000000;\">Sont r\u00e9compens\u00e9s :<\/span><\/p>\n<ul>\n<li style=\"text-align: justify;\"><span style=\"font-family: arial, helvetica, sans-serif; font-size: 12pt; color: #000000;\">Les 3 meilleures \u00e9quipes au scratch ;<\/span><\/li>\n<li style=\"text-align: justify;\"><span style=\"font-family: arial, helvetica, sans-serif; font-size: 12pt; color: #000000;\">Lot \u00e0 tous les enfants.<\/span><\/li>\n<\/ul>\n<p><span style=\"font-size: 14pt;\"><strong><span style=\"text-decoration: underline; color: #808080; font-family: arial, helvetica, sans-serif;\">Article 9 : Abandon<\/span><\/strong><\/span><\/p>\n<p style=\"text-align: justify;\"><span style=\"font-family: arial, helvetica, sans-serif; font-size: 12pt; color: #000000;\">En cas d\u2019abandon de l\u2019\u00e9quipe ou d\u2019un co\u00e9quipier, l\u2019\u00e9quipe devra en informer directement l\u2019organisation. En cas d\u2019accident, pr\u00e9venir l\u2019organisation et les secours.<\/span><\/p>\n<p><span style=\"font-size: 14pt;\"><strong><span style=\"text-decoration: underline; color: #808080;\"><span style=\"font-family: arial, helvetica, sans-serif;\">Article 10 : Droit d\u2019image<\/span><\/span><\/strong><\/span><\/p>\n<p style=\"text-align: justify;\"><span style=\"font-family: arial, helvetica, sans-serif; font-size: 12pt; color: #000000;\">Par le simple fait de leur inscription, les concurrents autorisent l\u2019organisation \u00e0 utiliser les images fixes ou audiovisuelles sur lesquelles ils sont susceptibles d\u2019appara\u00eetre.<\/span><\/p>\n<p style=\"text-align: justify;\"><span style=\"font-family: arial, helvetica, sans-serif; font-size: 12pt; color: #000000;\">Conform\u00e9ment \u00e0 la loi informatique et libert\u00e9 n\u00b078-17 du 6 janvier 1978 relative \u00e0 l\u2019informatique, aux fichiers et aux libert\u00e9s, les concurrents disposent d\u2019un droit d\u2019acc\u00e8s et de rectifications des donn\u00e9es personnelles les concernant.<\/span><\/p>\n<p style=\"text-align: justify;\"><span style=\"font-family: arial, helvetica, sans-serif; font-size: 12pt; color: #000000;\">Par l\u2019interm\u00e9diaire de l\u2019organisation, ils peuvent \u00eatre amen\u00e9s \u00e0 recevoir des propositions d\u2019autres organisations. Ceux qui ne le souhaitent pas, doivent le signaler par \u00e9crit en indiquant : nom, pr\u00e9nom, adresse, et si possible le num\u00e9ro de dossard.<\/span><\/p>\n","protected":false},"excerpt":{"rendered":"<p>R\u00e8glement raid CapOnord 2019 Ce r\u00e8glement peut \u00eatre modifi\u00e9 jusqu&#8217;au dernier jour. Article 1\u00a0: Organisation Le raid CapOnord 2019 est organis\u00e9 par l&#8217;association CapOnord, Sports d&#8217;Orientation et le Service Universitaire des Activit\u00e9s Physiques et Sportives de l\u2019Universit\u00e9 du Littoral &#8211; &hellip;<\/p>\n<p class=\"read-more\"> <a class=\"more-link\" href=\"https:\/\/caponord-sports-orientation.fr\/index.php\/2015\/02\/20\/caponord-le-raid-reglement-2019\/\"> <span class=\"screen-reader-text\">Le r\u00e8glement 2019<\/span> Read More &raquo;<\/a><\/p>\n","protected":false},"author":27,"featured_media":0,"comment_status":"open","ping_status":"open","sticky":false,"template":"","format":"standard","meta":{"_seopress_robots_primary_cat":"","_seopress_titles_title":"","_seopress_titles_desc":"","_seopress_robots_index":"","footnotes":""},"categories":[36],"tags":[],"class_list":["post-1545","post","type-post","status-publish","format-standard","hentry","category-caponord-le-raid"],"jetpack_featured_media_url":"","_links":{"self":[{"href":"https:\/\/caponord-sports-orientation.fr\/index.php\/wp-json\/wp\/v2\/posts\/1545","targetHints":{"allow":["GET"]}}],"collection":[{"href":"https:\/\/caponord-sports-orientation.fr\/index.php\/wp-json\/wp\/v2\/posts"}],"about":[{"href":"https:\/\/caponord-sports-orientation.fr\/index.php\/wp-json\/wp\/v2\/types\/post"}],"author":[{"embeddable":true,"href":"https:\/\/caponord-sports-orientation.fr\/index.php\/wp-json\/wp\/v2\/users\/27"}],"replies":[{"embeddable":true,"href":"https:\/\/caponord-sports-orientation.fr\/index.php\/wp-json\/wp\/v2\/comments?post=1545"}],"version-history":[{"count":0,"href":"https:\/\/caponord-sports-orientation.fr\/index.php\/wp-json\/wp\/v2\/posts\/1545\/revisions"}],"wp:attachment":[{"href":"https:\/\/caponord-sports-orientation.fr\/index.php\/wp-json\/wp\/v2\/media?parent=1545"}],"wp:term":[{"taxonomy":"category","embeddable":true,"href":"https:\/\/caponord-sports-orientation.fr\/index.php\/wp-json\/wp\/v2\/categories?post=1545"},{"taxonomy":"post_tag","embeddable":true,"href":"https:\/\/caponord-sports-orientation.fr\/index.php\/wp-json\/wp\/v2\/tags?post=1545"}],"curies":[{"name":"wp","href":"https:\/\/api.w.org\/{rel}","templated":true}]}}