{"id":1895,"date":"2015-01-11T09:00:51","date_gmt":"2015-01-11T08:00:51","guid":{"rendered":"http:\/\/caponord-sports-orientation.fr\/wordpress\/index.php\/2015\/01\/11\/les-inscriptions-en-cours-ressources\/"},"modified":"2015-01-11T09:00:51","modified_gmt":"2015-01-11T08:00:51","slug":"les-inscriptions-en-cours-ressources","status":"publish","type":"post","link":"https:\/\/caponord-sports-orientation.fr\/index.php\/2015\/01\/11\/les-inscriptions-en-cours-ressources\/","title":{"rendered":"Les inscriptions en cours (Ressources)"},"content":{"rendered":"<h2><strong style=\"font-size: 14pt;\">&#8212;&#8212;&#8212;&#8212;&#8212;&#8212;&#8211; Les prochains entra\u00eenements \u00e9cole de CO &#8212;&#8212;&#8212;&#8212;&#8212;&#8212;&#8211;<\/strong><\/h2>\n<div>\u00a0<\/div>\n<p>&#8212;&#8212; ENTRAINEMENT CO TYPE &#8212;&#8212;<\/p>\n<div style=\"padding-left: 30px; font-size: 12pt;\">24\/10\/20 &#8211; Entrainement CO \u00e0 Leffrinckoucke<\/div>\n<div style=\"padding-left: 60px; font-size: 10pt;\">RdV \u00e0 10h au <a href=\"http:\/\/maps.google.fr\/maps?f=q&amp;hl=fr&amp;q=51.0531,2.4452\" target=\"_blank\" rel=\"noopener noreferrer\">parking du Fort des Dunes<\/a><br \/>En plus de son masque lors des explications, pr\u00e9voyez votre stylo, et d&#8217;avoir les jambes couvertes<br \/><a href=\"index.php?option=com_fabrik&amp;view=list&amp;listid=26\">S&#8217;inscrire<\/a> avant le jeudi 22\/10<\/div>\n<div>\u00a0<\/div>\n<div style=\"padding-left: 30px; font-size: 12pt;\">15\/01\/22 &#8211; Entrainement CO au Bois des Forts<\/div>\n<div style=\"padding-left: 60px; font-size: 10pt;\">RdV \u00e0 10H au\u00a0<a href=\"http:\/\/maps.google.fr\/maps?f=q&amp;hl=fr&amp;q=50.9901,2.4147\" target=\"_blank\" rel=\"noopener noreferrer\">parking du relais des forts<\/a><br \/>Mat\u00e9riel \u00e0 pr\u00e9voir : masque m\u00e9dical, boussole, doigt \u00e9lectronique<\/div>\n<div style=\"padding-left: 60px; font-size: 10pt;\"><a href=\"index.php?option=com_fabrik&amp;view=list&amp;listid=22\">S&#8217;inscrire<\/a>\u00a0avant le jeudi 13\/01<\/div>\n<p>&#8212;&#8212; FIN ENTRAINEMENT TYPE &#8212;&#8212;<\/p>\n<div style=\"padding-left: 30px; font-size: 12pt;\">30\/04\/22 &#8211; Entrainement CO\u00a0\u00e0 Bergues<\/div>\n<div style=\"padding-left: 60px; font-size: 10pt;\">RdV \u00e0 10H \u00e0 &#8230;<\/div>\n<div style=\"padding-left: 60px; font-size: 10pt;\"><a href=\"index.php?option=com_fabrik&amp;view=list&amp;listid=25\">S&#8217;inscrire<\/a>\u00a0avant le jeudi 28\/04<\/div>\n<div style=\"padding-left: 30px; font-size: 12pt;\">07\/05\/22 &#8211; Entrainement CO\u00a0\u00e0 Dunkerque<\/div>\n<div style=\"padding-left: 60px; font-size: 10pt;\">RdV \u00e0 10H place Jean Bart<\/div>\n<div style=\"padding-left: 60px; font-size: 10pt;\"><a href=\"index.php?option=com_fabrik&amp;view=list&amp;listid=22\">S&#8217;inscrire<\/a>\u00a0avant le jeudi 05\/05<\/div>\n<div>\u00a0<\/div>\n<h2><strong style=\"font-size: 14pt;\"><br \/>&#8212;&#8212;&#8212;&#8212;&#8212;&#8212;&#8211; Les prochains entra\u00eenements physique &#8212;&#8212;&#8212;&#8212;&#8212;&#8212;&#8211;<\/strong><\/h2>\n<div>\u00a0<\/div>\n<div style=\"padding-left: 30px; font-size: 12pt;\">27\/04\/22 &#8211; Entrainement physique au Bois des Forts<\/div>\n<div style=\"padding-left: 60px; font-size: 10pt;\">RdV \u00e0 18H15 au <a href=\"http:\/\/maps.google.fr\/maps?f=q&amp;hl=fr&amp;q=50.9966,2.4076\" target=\"_blank\" rel=\"noopener noreferrer\">parking rue du Fort Valli\u00e8res &#8211; c\u00f4t\u00e9 est<\/a><br \/>D\u00e9part \u00e0 18h30 pr\u00e9cises<br \/><a href=\"index.php?option=com_fabrik&amp;view=list&amp;listid=26\">S&#8217;inscrire<\/a> avant le lundi 25\/04<\/div>\n<div>\u00a0<\/div>\n<div style=\"padding-left: 30px; font-size: 12pt;\">02\/03\/22 &#8211; Entrainement physique \u00e0 Leffrinckoucke<\/div>\n<div style=\"padding-left: 60px; font-size: 10pt;\">RdV \u00e0 18H15 au <a href=\"http:\/\/maps.google.fr\/maps?f=q&amp;hl=fr&amp;q=51.0591,2.4375\" target=\"_blank\" rel=\"noopener noreferrer\">poste de secours de Leffrinckoucke<\/a><br \/>Pr\u00e9voyez votre frontale<br \/>D\u00e9part \u00e0 18h30 pr\u00e9cises<br \/><a href=\"index.php?option=com_fabrik&amp;view=list&amp;listid=26\">S&#8217;inscrire<\/a> avant le lundi 28\/02<\/div>\n<div>\u00a0<\/div>\n<h2><strong style=\"font-size: 14pt;\"><br \/>&#8212;&#8212;&#8212;&#8212;&#8212;&#8212;&#8211; Les prochaines courses &#8212;&#8212;&#8212;&#8212;&#8212;&#8212;&#8211;<\/strong><\/h2>\n<div>\u00a0<\/div>\n<div style=\"padding-left: 30px; font-size: 12pt;\">21\/05\/22 &#8211; Lille O&#8217;Sprint Festival<\/div>\n<div style=\"padding-left: 60px; font-size: 10pt;\">S&#8217;inscrire (et infos)\u00a0ult\u00e9rieurement<\/div>\n<div>\u00a0<\/div>\n<h2><strong style=\"font-size: 14pt;\"><br \/>&#8212;&#8212;&#8212;&#8212;&#8212;&#8212;&#8211; Les prochains grands d\u00e9placements &#8212;&#8212;&#8212;&#8212;&#8212;&#8212;&#8211;<\/strong><\/h2>\n<div>\u00a0<\/div>\n<div style=\"padding-left: 30px; font-size: 12pt;\">26 au 29\/05\/22 &#8211; CFC en Corr\u00e8ze<\/div>\n<div style=\"padding-left: 60px; font-size: 10pt;\">Championnat de France de Relais Sprint, Championnat de France de Moyenne Distance, Championnat de France des Clubs<\/div>\n<div style=\"padding-left: 60px; font-size: 10pt;\"><a href=\"index.php?option=com_fabrik&amp;view=list&amp;listid=55\">S&#8217;inscrire (et infos)<\/a> d\u00e8s que possible pour la r\u00e9servation de l&#8217;h\u00e9bergement et \u00e0 finaliser d\u00e9but mai<\/div>\n<div>\u00a0<\/div>\n<h2><strong style=\"font-size: 14pt;\"><br \/>&#8212;&#8212;&#8212;&#8212;&#8212;&#8212;&#8211; Nos prochaines organisations &#8212;&#8212;&#8212;&#8212;&#8212;&#8212;&#8211;<\/strong><\/h2>\n<div>\u00a0<\/div>\n<div style=\"padding-left: 30px; font-size: 12pt;\">13\/03\/22 &#8211; DK&#8217;O Festival<\/div>\n<div style=\"padding-left: 60px; font-size: 10pt;\">Attention changement de date (initialement le 27\/03) !<br \/>Pr\u00e9cisez vos contraintes horaires en vous inscrivant.<br \/><a href=\"index.php\/component\/fabrik\/list\/38\">S&#8217;inscrire<\/a> en tant que b\u00e9n\u00e9vole<\/div>\n","protected":false},"excerpt":{"rendered":"<p>&#8212;&#8212;&#8212;&#8212;&#8212;&#8212;&#8211; Les prochains entra\u00eenements \u00e9cole de CO &#8212;&#8212;&#8212;&#8212;&#8212;&#8212;&#8211; \u00a0 &#8212;&#8212; ENTRAINEMENT CO TYPE &#8212;&#8212; 24\/10\/20 &#8211; Entrainement CO \u00e0 Leffrinckoucke RdV \u00e0 10h au parking du Fort des DunesEn plus de son masque lors des explications, pr\u00e9voyez votre stylo, et &hellip;<\/p>\n<p class=\"read-more\"> <a class=\"more-link\" href=\"https:\/\/caponord-sports-orientation.fr\/index.php\/2015\/01\/11\/les-inscriptions-en-cours-ressources\/\"> <span class=\"screen-reader-text\">Les inscriptions en cours (Ressources)<\/span> Read More &raquo;<\/a><\/p>\n","protected":false},"author":27,"featured_media":0,"comment_status":"open","ping_status":"open","sticky":false,"template":"","format":"standard","meta":{"_seopress_robots_primary_cat":"","_seopress_titles_title":"","_seopress_titles_desc":"","_seopress_robots_index":"","footnotes":""},"categories":[25],"tags":[],"class_list":["post-1895","post","type-post","status-publish","format-standard","hentry","category-non-categorise"],"jetpack_featured_media_url":"","_links":{"self":[{"href":"https:\/\/caponord-sports-orientation.fr\/index.php\/wp-json\/wp\/v2\/posts\/1895","targetHints":{"allow":["GET"]}}],"collection":[{"href":"https:\/\/caponord-sports-orientation.fr\/index.php\/wp-json\/wp\/v2\/posts"}],"about":[{"href":"https:\/\/caponord-sports-orientation.fr\/index.php\/wp-json\/wp\/v2\/types\/post"}],"author":[{"embeddable":true,"href":"https:\/\/caponord-sports-orientation.fr\/index.php\/wp-json\/wp\/v2\/users\/27"}],"replies":[{"embeddable":true,"href":"https:\/\/caponord-sports-orientation.fr\/index.php\/wp-json\/wp\/v2\/comments?post=1895"}],"version-history":[{"count":0,"href":"https:\/\/caponord-sports-orientation.fr\/index.php\/wp-json\/wp\/v2\/posts\/1895\/revisions"}],"wp:attachment":[{"href":"https:\/\/caponord-sports-orientation.fr\/index.php\/wp-json\/wp\/v2\/media?parent=1895"}],"wp:term":[{"taxonomy":"category","embeddable":true,"href":"https:\/\/caponord-sports-orientation.fr\/index.php\/wp-json\/wp\/v2\/categories?post=1895"},{"taxonomy":"post_tag","embeddable":true,"href":"https:\/\/caponord-sports-orientation.fr\/index.php\/wp-json\/wp\/v2\/tags?post=1895"}],"curies":[{"name":"wp","href":"https:\/\/api.w.org\/{rel}","templated":true}]}}