{"id":2143,"date":"2023-11-28T20:37:39","date_gmt":"2023-11-28T19:37:39","guid":{"rendered":"http:\/\/caponord-sports-orientation.fr\/wordpress\/index.php\/2023\/11\/28\/telethon-2024\/"},"modified":"2023-11-28T20:37:39","modified_gmt":"2023-11-28T19:37:39","slug":"telethon-2024","status":"publish","type":"post","link":"https:\/\/caponord-sports-orientation.fr\/index.php\/2023\/11\/28\/telethon-2024\/","title":{"rendered":"T\u00e9l\u00e9thon 2024"},"content":{"rendered":"<p>Hello !<\/p>\n<div dir=\"ltr\" style=\"font-family: arial, helvetica, sans-serif, serif, 'EmojiFont'; outline: none !important;\"><span style=\"font-family: calibri, helvetica, sans-serif, serif, 'EmojiFont'; font-size: 12pt;\">Le T\u00e9l\u00e9thon 2023 aura lieu les 9 et 10 d\u00e9cembre.\u00a0<\/span><\/div>\n<div dir=\"ltr\" style=\"font-family: arial, helvetica, sans-serif, serif, 'EmojiFont'; outline: none !important;\">\n<p><img alt=\"\" fetchpriority=\"high\" decoding=\"async\" class=\" size-full wp-image-2142\" src=\"http:\/\/caponord-sports-orientation.fr\/wordpress\/wp-content\/uploads\/2023\/11\/LogoTelethon.png\" alt=\"\" width=\"450\" height=\"112\" srcset=\"https:\/\/caponord-sports-orientation.fr\/wp-content\/uploads\/2023\/11\/LogoTelethon.png 450w, https:\/\/caponord-sports-orientation.fr\/wp-content\/uploads\/2023\/11\/LogoTelethon-300x75.png 300w, https:\/\/caponord-sports-orientation.fr\/wp-content\/uploads\/2023\/11\/LogoTelethon-100x25.png 100w, https:\/\/caponord-sports-orientation.fr\/wp-content\/uploads\/2023\/11\/LogoTelethon-150x37.png 150w, https:\/\/caponord-sports-orientation.fr\/wp-content\/uploads\/2023\/11\/LogoTelethon-200x50.png 200w\" sizes=\"(max-width: 450px) 100vw, 450px\" \/><\/p>\n<\/div>\n<div dir=\"ltr\" style=\"font-family: arial, helvetica, sans-serif, serif, 'EmojiFont'; outline: none !important;\">\u00a0<\/div>\n<div dir=\"ltr\" style=\"font-family: arial, helvetica, sans-serif, serif, 'EmojiFont'; outline: none !important;\"><span style=\"font-family: calibri, helvetica, sans-serif, serif, 'EmojiFont'; font-size: 12pt;\">En marchant ou en courant, nous vous invitons \u00e0 y participer pr\u00e8s de chez vous\u00a0<\/span><span style=\"font-family: calibri, helvetica, sans-serif, serif, 'EmojiFont'; font-size: 12pt;\">ou bien \u00e0 Esquelbecq.\u00a0<\/span><\/div>\n<div dir=\"ltr\" style=\"font-family: arial, helvetica, sans-serif, serif, 'EmojiFont'; outline: none !important;\"><span style=\"font-family: calibri, helvetica, sans-serif, serif, 'EmojiFont'; font-size: 12pt;\">En effet,\u00a0Esquel&#8217;run y propose d&#8217;effectuer une boucle pendant 24 heures du samedi au dimanche midi, au parc de la Ch\u00eanaie.<br \/><\/span><\/div>\n<div dir=\"ltr\" style=\"font-family: arial, helvetica, sans-serif, serif, 'EmojiFont'; outline: none !important;\"><span style=\"font-family: calibri, helvetica, sans-serif, serif, 'EmojiFont'; font-size: 12pt;\">Etienne y\u00a0organisera\u00a0aussi une initiation CO le dimanche 10 de 9 heures \u00e0 11 heures.<\/span><\/div>\n<div dir=\"ltr\" style=\"font-family: arial, helvetica, sans-serif, serif, 'EmojiFont'; outline: none !important;\"><span style=\"font-family: calibri, helvetica, sans-serif, serif, 'EmojiFont'; font-size: 12pt;\">C&#8217;est l&#8217;occasion d&#8217;y inviter de la famille ou des amis pour tester cette discipline.<\/span><\/div>\n<div dir=\"ltr\" style=\"font-family: arial, helvetica, sans-serif, serif, 'EmojiFont'; outline: none !important;\">\u00a0<\/div>\n<div dir=\"ltr\" style=\"font-family: arial, helvetica, sans-serif, serif, 'EmojiFont'; outline: none !important;\"><span style=\"font-family: calibri, helvetica, sans-serif, serif, 'EmojiFont'; font-size: 12pt;\">Tous \u00e0 vos baskets !<\/span><\/div>\n","protected":false},"excerpt":{"rendered":"<p>Hello ! Le T\u00e9l\u00e9thon 2023 aura lieu les 9 et 10 d\u00e9cembre.\u00a0 \u00a0 En marchant ou en courant, nous vous invitons \u00e0 y participer pr\u00e8s de chez vous\u00a0ou bien \u00e0 Esquelbecq.\u00a0 En effet,\u00a0Esquel&#8217;run y propose d&#8217;effectuer une boucle pendant 24 &hellip;<\/p>\n<p class=\"read-more\"> <a class=\"more-link\" href=\"https:\/\/caponord-sports-orientation.fr\/index.php\/2023\/11\/28\/telethon-2024\/\"> <span class=\"screen-reader-text\">T\u00e9l\u00e9thon 2024<\/span> Read More &raquo;<\/a><\/p>\n","protected":false},"author":27,"featured_media":2142,"comment_status":"open","ping_status":"open","sticky":false,"template":"","format":"standard","meta":{"_seopress_robots_primary_cat":"","_seopress_titles_title":"","_seopress_titles_desc":"","_seopress_robots_index":"","footnotes":""},"categories":[34],"tags":[],"class_list":["post-2143","post","type-post","status-publish","format-standard","has-post-thumbnail","hentry","category-nos-organisations"],"jetpack_featured_media_url":"https:\/\/caponord-sports-orientation.fr\/wp-content\/uploads\/2023\/11\/LogoTelethon.png","_links":{"self":[{"href":"https:\/\/caponord-sports-orientation.fr\/index.php\/wp-json\/wp\/v2\/posts\/2143","targetHints":{"allow":["GET"]}}],"collection":[{"href":"https:\/\/caponord-sports-orientation.fr\/index.php\/wp-json\/wp\/v2\/posts"}],"about":[{"href":"https:\/\/caponord-sports-orientation.fr\/index.php\/wp-json\/wp\/v2\/types\/post"}],"author":[{"embeddable":true,"href":"https:\/\/caponord-sports-orientation.fr\/index.php\/wp-json\/wp\/v2\/users\/27"}],"replies":[{"embeddable":true,"href":"https:\/\/caponord-sports-orientation.fr\/index.php\/wp-json\/wp\/v2\/comments?post=2143"}],"version-history":[{"count":0,"href":"https:\/\/caponord-sports-orientation.fr\/index.php\/wp-json\/wp\/v2\/posts\/2143\/revisions"}],"wp:featuredmedia":[{"embeddable":true,"href":"https:\/\/caponord-sports-orientation.fr\/index.php\/wp-json\/wp\/v2\/media\/2142"}],"wp:attachment":[{"href":"https:\/\/caponord-sports-orientation.fr\/index.php\/wp-json\/wp\/v2\/media?parent=2143"}],"wp:term":[{"taxonomy":"category","embeddable":true,"href":"https:\/\/caponord-sports-orientation.fr\/index.php\/wp-json\/wp\/v2\/categories?post=2143"},{"taxonomy":"post_tag","embeddable":true,"href":"https:\/\/caponord-sports-orientation.fr\/index.php\/wp-json\/wp\/v2\/tags?post=2143"}],"curies":[{"name":"wp","href":"https:\/\/api.w.org\/{rel}","templated":true}]}}