{"id":3455,"date":"2025-06-11T07:14:12","date_gmt":"2025-06-11T05:14:12","guid":{"rendered":"https:\/\/caponord-sports-orientation.fr\/?p=3455"},"modified":"2025-06-11T07:14:14","modified_gmt":"2025-06-11T05:14:14","slug":"nationale-nord-est-a-buhl-florival-7-9-juin-2025","status":"publish","type":"post","link":"https:\/\/caponord-sports-orientation.fr\/index.php\/2025\/06\/11\/nationale-nord-est-a-buhl-florival-7-9-juin-2025\/","title":{"rendered":"Nationale Nord-Est \u00e0 B\u00fchl Florival 7-9 juin 2025"},"content":{"rendered":"\n<p>Un week-end sportif et touristique en Alsace<\/p>\n\n\n\n<p>Retour au pays natal \u00e0 La Bresse (88) pour Jean-Paul. Avec Jo\u00ebl ils s\u2019installent dans la maison familiale et lors des allers et retours en Alsace par la route des Cr\u00eates admirent la vue du Hohneck ainsi que le lac des Corbeaux et le lac de Kruth-Wildenstein.<\/p>\n\n\n\n<figure class=\"wp-block-gallery has-nested-images columns-default is-cropped wp-block-gallery-1 is-layout-flex wp-block-gallery-is-layout-flex\">\n<figure class=\"wp-block-image size-large\"><img alt=\"\" fetchpriority=\"high\" decoding=\"async\" width=\"800\" height=\"600\" data-id=\"3460\" src=\"https:\/\/caponord-sports-orientation.fr\/wp-content\/uploads\/2025\/06\/20250607-NNE-3-1.jpg\" alt=\"\" class=\"wp-image-3460\" srcset=\"https:\/\/caponord-sports-orientation.fr\/wp-content\/uploads\/2025\/06\/20250607-NNE-3-1.jpg 800w, https:\/\/caponord-sports-orientation.fr\/wp-content\/uploads\/2025\/06\/20250607-NNE-3-1-300x225.jpg 300w, https:\/\/caponord-sports-orientation.fr\/wp-content\/uploads\/2025\/06\/20250607-NNE-3-1-768x576.jpg 768w, https:\/\/caponord-sports-orientation.fr\/wp-content\/uploads\/2025\/06\/20250607-NNE-3-1-100x75.jpg 100w, https:\/\/caponord-sports-orientation.fr\/wp-content\/uploads\/2025\/06\/20250607-NNE-3-1-150x113.jpg 150w, https:\/\/caponord-sports-orientation.fr\/wp-content\/uploads\/2025\/06\/20250607-NNE-3-1-200x150.jpg 200w, https:\/\/caponord-sports-orientation.fr\/wp-content\/uploads\/2025\/06\/20250607-NNE-3-1-450x338.jpg 450w, https:\/\/caponord-sports-orientation.fr\/wp-content\/uploads\/2025\/06\/20250607-NNE-3-1-600x450.jpg 600w\" sizes=\"(max-width: 800px) 100vw, 800px\" \/><\/figure>\n<\/figure>\n\n\n\n<p>Ils profitent aussi des sp\u00e9cialit\u00e9s alsaciennes comme la flammekueche et le kouglof.<\/p>\n\n\n\n<figure class=\"wp-block-gallery has-nested-images columns-default is-cropped wp-block-gallery-2 is-layout-flex wp-block-gallery-is-layout-flex\">\n<figure class=\"wp-block-image size-large\"><img alt=\"\" decoding=\"async\" width=\"800\" height=\"600\" data-id=\"3461\" src=\"https:\/\/caponord-sports-orientation.fr\/wp-content\/uploads\/2025\/06\/20250607-NNE-2-1.jpg\" alt=\"\" class=\"wp-image-3461\" srcset=\"https:\/\/caponord-sports-orientation.fr\/wp-content\/uploads\/2025\/06\/20250607-NNE-2-1.jpg 800w, https:\/\/caponord-sports-orientation.fr\/wp-content\/uploads\/2025\/06\/20250607-NNE-2-1-300x225.jpg 300w, https:\/\/caponord-sports-orientation.fr\/wp-content\/uploads\/2025\/06\/20250607-NNE-2-1-768x576.jpg 768w, https:\/\/caponord-sports-orientation.fr\/wp-content\/uploads\/2025\/06\/20250607-NNE-2-1-100x75.jpg 100w, https:\/\/caponord-sports-orientation.fr\/wp-content\/uploads\/2025\/06\/20250607-NNE-2-1-150x113.jpg 150w, https:\/\/caponord-sports-orientation.fr\/wp-content\/uploads\/2025\/06\/20250607-NNE-2-1-200x150.jpg 200w, https:\/\/caponord-sports-orientation.fr\/wp-content\/uploads\/2025\/06\/20250607-NNE-2-1-450x338.jpg 450w, https:\/\/caponord-sports-orientation.fr\/wp-content\/uploads\/2025\/06\/20250607-NNE-2-1-600x450.jpg 600w\" sizes=\"(max-width: 800px) 100vw, 800px\" \/><\/figure>\n<\/figure>\n\n\n\n<p>C\u00f4t\u00e9 courses, pas de surprise, la montagne vosgienne pr\u00e9sente de gros reliefs, donc des pentes \u00e0 grimper&nbsp;! Lors de la MD, Norbert A, H80 de La Bresse (euh HVO) se blesse \u00e0 la t\u00eate et Jo\u00ebl le soigne et il aura plusieurs points de suture. Nos performances sont m\u00e9diocres&nbsp;: Jo\u00ebl, malade est p.m. et Jean-Paul perd 31\u2019 sur un poste&nbsp;! Voir d\u00e9tails ci-dessous. Pour la LD le dimanche, c\u2019est un peu mieux, mais encore trop d\u2019erreurs ! Jean-Paul est satisfait de la MD Urbaine le lundi (29<sup>\u00e8me<\/sup> sur 78).<\/p>\n\n\n\n<figure class=\"wp-block-gallery has-nested-images columns-default is-cropped wp-block-gallery-3 is-layout-flex wp-block-gallery-is-layout-flex\">\n<figure class=\"wp-block-image size-large\"><img alt=\"\" decoding=\"async\" width=\"800\" height=\"600\" data-id=\"3462\" src=\"https:\/\/caponord-sports-orientation.fr\/wp-content\/uploads\/2025\/06\/20250607-NNE-1-1-rotated.jpg\" alt=\"\" class=\"wp-image-3462\" srcset=\"https:\/\/caponord-sports-orientation.fr\/wp-content\/uploads\/2025\/06\/20250607-NNE-1-1-rotated.jpg 800w, https:\/\/caponord-sports-orientation.fr\/wp-content\/uploads\/2025\/06\/20250607-NNE-1-1-300x225.jpg 300w, https:\/\/caponord-sports-orientation.fr\/wp-content\/uploads\/2025\/06\/20250607-NNE-1-1-768x576.jpg 768w, https:\/\/caponord-sports-orientation.fr\/wp-content\/uploads\/2025\/06\/20250607-NNE-1-1-100x75.jpg 100w, https:\/\/caponord-sports-orientation.fr\/wp-content\/uploads\/2025\/06\/20250607-NNE-1-1-150x113.jpg 150w, https:\/\/caponord-sports-orientation.fr\/wp-content\/uploads\/2025\/06\/20250607-NNE-1-1-200x150.jpg 200w, https:\/\/caponord-sports-orientation.fr\/wp-content\/uploads\/2025\/06\/20250607-NNE-1-1-450x338.jpg 450w, https:\/\/caponord-sports-orientation.fr\/wp-content\/uploads\/2025\/06\/20250607-NNE-1-1-600x450.jpg 600w\" sizes=\"(max-width: 800px) 100vw, 800px\" \/><\/figure>\n<\/figure>\n\n\n\n<p>Mes commentaires d\u00e9taill\u00e9s de la MD&nbsp;: points positifs&nbsp;: dans ma cat\u00e9gorie H75, 12 postes, je mets le meilleur temps sur 5 postes et ne perds que 20\u2019\u2019 sur 3 postes. Le partiel 4-5 est une catastrophe&nbsp;! Je rejoins le sentier en suivant le trait rouge et, observant l\u2019azimut de ce sentier (N-S&nbsp;?) pense \u00eatre au SW du poste&nbsp;; je tire donc un azimut vers le N en montant. En fait, c\u2019est ce que j\u2019ai compris apr\u00e8s, je me trouvais sur la partie W-E du sentier et j\u2019ai donc cherch\u00e9 le poste dans la zone du chiffre 5, puis fait un (petit) aller-retour N puis S avant de faire le point. J\u2019ai cru \u00eatre au S du sommet qui se trouve au S du poste 5, suis mont\u00e9 au sommet et continu\u00e9 pour finalement \u00eatre repositionn\u00e9 par un coureur sur la ligne de cr\u00eate \u00e0 l\u2019W du poste 6&nbsp;! Apr\u00e8s coup, la cause principale de mon erreur est de ne pas avoir identifi\u00e9 sur la carte que mon poste \u00e9tait un col.<\/p>\n\n\n\n<p>Nos r\u00e9sultats&nbsp;dans nos cat\u00e9gories :<\/p>\n\n\n\n<p>MD&nbsp;: Jo\u00ebl pm, Jean-Paul 7<sup>\u00e8me<\/sup> LD Jo\u00ebl 13<sup>\u00e8me<\/sup> Jean-Paul 5<sup>\u00e8me<\/sup> MD Urbaine&nbsp;; Jo\u00ebl 53<sup>\u00e8me<\/sup> sur la longue et JP 29<sup>\u00e8me<\/sup> sur la courte.<\/p>\n\n\n\n<p>Nous avons eu du plaisir \u00e0 revoir le massif des Vosges et fait de la CO en montagne.<\/p>\n\n\n\n<p>Jean-Paul<\/p>\n","protected":false},"excerpt":{"rendered":"<p>Un week-end sportif et touristique en Alsace Retour au pays natal \u00e0 La Bresse (88) pour Jean-Paul. Avec Jo\u00ebl ils s\u2019installent dans la maison familiale et lors des allers et retours en Alsace par la route des Cr\u00eates admirent la &hellip;<\/p>\n<p class=\"read-more\"> <a class=\"more-link\" href=\"https:\/\/caponord-sports-orientation.fr\/index.php\/2025\/06\/11\/nationale-nord-est-a-buhl-florival-7-9-juin-2025\/\"> <span class=\"screen-reader-text\">Nationale Nord-Est \u00e0 B\u00fchl Florival 7-9 juin 2025<\/span> Read More &raquo;<\/a><\/p>\n","protected":false},"author":26,"featured_media":3459,"comment_status":"open","ping_status":"open","sticky":false,"template":"","format":"standard","meta":{"_seopress_robots_primary_cat":"","_seopress_titles_title":"","_seopress_titles_desc":"","_seopress_robots_index":"","footnotes":""},"categories":[31],"tags":[],"class_list":["post-3455","post","type-post","status-publish","format-standard","has-post-thumbnail","hentry","category-courses"],"jetpack_featured_media_url":"https:\/\/caponord-sports-orientation.fr\/wp-content\/uploads\/2025\/06\/20250607-NNE-4.jpg","_links":{"self":[{"href":"https:\/\/caponord-sports-orientation.fr\/index.php\/wp-json\/wp\/v2\/posts\/3455","targetHints":{"allow":["GET"]}}],"collection":[{"href":"https:\/\/caponord-sports-orientation.fr\/index.php\/wp-json\/wp\/v2\/posts"}],"about":[{"href":"https:\/\/caponord-sports-orientation.fr\/index.php\/wp-json\/wp\/v2\/types\/post"}],"author":[{"embeddable":true,"href":"https:\/\/caponord-sports-orientation.fr\/index.php\/wp-json\/wp\/v2\/users\/26"}],"replies":[{"embeddable":true,"href":"https:\/\/caponord-sports-orientation.fr\/index.php\/wp-json\/wp\/v2\/comments?post=3455"}],"version-history":[{"count":1,"href":"https:\/\/caponord-sports-orientation.fr\/index.php\/wp-json\/wp\/v2\/posts\/3455\/revisions"}],"predecessor-version":[{"id":3463,"href":"https:\/\/caponord-sports-orientation.fr\/index.php\/wp-json\/wp\/v2\/posts\/3455\/revisions\/3463"}],"wp:featuredmedia":[{"embeddable":true,"href":"https:\/\/caponord-sports-orientation.fr\/index.php\/wp-json\/wp\/v2\/media\/3459"}],"wp:attachment":[{"href":"https:\/\/caponord-sports-orientation.fr\/index.php\/wp-json\/wp\/v2\/media?parent=3455"}],"wp:term":[{"taxonomy":"category","embeddable":true,"href":"https:\/\/caponord-sports-orientation.fr\/index.php\/wp-json\/wp\/v2\/categories?post=3455"},{"taxonomy":"post_tag","embeddable":true,"href":"https:\/\/caponord-sports-orientation.fr\/index.php\/wp-json\/wp\/v2\/tags?post=3455"}],"curies":[{"name":"wp","href":"https:\/\/api.w.org\/{rel}","templated":true}]}}