{"id":515,"date":"2014-08-01T21:36:19","date_gmt":"2014-08-01T19:36:19","guid":{"rendered":"http:\/\/caponord-sports-orientation.fr\/wordpress\/index.php\/2014\/08\/01\/famille-poulain-aux-6-jours-de-suisse\/"},"modified":"2014-08-01T21:36:19","modified_gmt":"2014-08-01T19:36:19","slug":"famille-poulain-aux-6-jours-de-suisse","status":"publish","type":"post","link":"https:\/\/caponord-sports-orientation.fr\/index.php\/2014\/08\/01\/famille-poulain-aux-6-jours-de-suisse\/","title":{"rendered":"Famille Poulain aux 6 jours de Suisse"},"content":{"rendered":"<p><span style=\"font-size: 11pt; font-family: 'Calibri','sans-serif'; color: #1f497d;\">Jour 1 &#8211; sprint dans la ville de Zermatt (ville sans voiture)&nbsp;&#8211; le jour touristique (meilleur jour d\u2019Odile et de Yannick, et de Jo\u00ebl qui est sur la vid\u00e9o)<\/span><\/p>\n<p><span style=\"font-size: 11pt; font-family: 'Calibri','sans-serif'; color: #1f497d;\">jour 2 &#8211; Longue distance Stafelalp &#8211; le jour \u00e0 couper le souffle (meilleur jour de Ga\u00ebl)<\/span><\/p>\n<p><span style=\"font-size: 11pt; font-family: 'Calibri','sans-serif'; color: #1f497d;\">jour 3 &#8211; Longue distance Gornergrat &#8211; le jour charmant (Ga\u00ebl est plusieurs fois sur la vid\u00e9o) en haut du train \u00e0 cr\u00e9maill\u00e8re<\/span><\/p>\n<p><span style=\"font-size: 11pt; font-family: 'Calibri','sans-serif'; color: #1f497d;\">jour 4 &#8211; Moyenne distance Gruensee &#8211; Mass start &#8211; le jour c\u00e9leste (Yannick de dos dans le d\u00e9part en masse)<\/span><\/p>\n<p><span style=\"font-size: 11pt; font-family: 'Calibri','sans-serif'; color: #1f497d;\">jour 5 &#8211; Longue distance Trockener Steg &#8211; le jour de glace(au pied du glacier)<\/span><\/p>\n<p><span style=\"font-size: 11pt; font-family: 'Calibri','sans-serif'; color: #1f497d;\">jour 6 &#8211; Longue distance Sunnegga &#8211;&nbsp;le jour de la d\u00e9licieuse (en haut du m\u00e9tro souterrain)<\/span><\/p>\n<p><span style=\"font-size: 11pt; font-family: 'Calibri','sans-serif'; color: #1f497d;\">&nbsp; <\/span><\/p>\n<p><span style=\"font-size: 11pt; font-family: 'Calibri','sans-serif'; color: #1f497d;\">La m\u00e9t\u00e9o nous a durement \u00e9prouv\u00e9s, surtout le dernier jour\u2026 mais les \u00e9claircies sur le Cervin et les autres 4000m \u00e9taient splendides.<\/span><\/p>\n<p><span style=\"font-size: 11pt; font-family: 'Calibri','sans-serif'; color: #1f497d;\">Prochain RdV fin Ao\u00fbt \u00e0 Gap avec Jean-Paul pour la semaine des championnats de France<\/span><\/p>\n<p><span style=\"font-size: 11pt; font-family: 'Calibri','sans-serif'; color: #1f497d;\">Jo\u00ebl<\/span><\/p>\n<p><a href=\"http:\/\/caponord-sports-orientation.fr\/wordpress\/wp-content\/uploads\/2014\/08\/SWISS_ORIENTEERING_WEEK_2014_resultats.doc\"><span style=\"font-size: 11pt; font-family: 'Calibri','sans-serif'; color: #1f497d;\">Les r\u00e9sultats d\u00e9taill\u00e9s<\/span><\/a><\/p>\n","protected":false},"excerpt":{"rendered":"<p><span style=\"font-size: 11pt; font-family: 'Calibri','sans-serif'; color: #1f497d;\">De retour de Zermatt, voici le lien pour partager les vid\u00e9os de chaque jour de course en altitude&nbsp;:<\/span><\/p>\n<p><a href=\"http:\/\/www.swiss-o-week.ch\/en\/aktuell\/news.html\">http:\/\/www.swiss-o-week.ch\/en\/aktuell\/news.html<\/a><\/p>\n<div class=\"read-more\"><a href=\"https:\/\/caponord-sports-orientation.fr\/index.php\/2014\/08\/01\/famille-poulain-aux-6-jours-de-suisse\/\">Lire la suite &#8250;<\/a><\/div>\n<p><!-- end of .read-more --><\/p>\n","protected":false},"author":27,"featured_media":0,"comment_status":"open","ping_status":"open","sticky":false,"template":"","format":"standard","meta":{"_seopress_robots_primary_cat":"","_seopress_titles_title":"","_seopress_titles_desc":"","_seopress_robots_index":"","footnotes":""},"categories":[31],"tags":[],"class_list":["post-515","post","type-post","status-publish","format-standard","hentry","category-courses"],"jetpack_featured_media_url":"","_links":{"self":[{"href":"https:\/\/caponord-sports-orientation.fr\/index.php\/wp-json\/wp\/v2\/posts\/515","targetHints":{"allow":["GET"]}}],"collection":[{"href":"https:\/\/caponord-sports-orientation.fr\/index.php\/wp-json\/wp\/v2\/posts"}],"about":[{"href":"https:\/\/caponord-sports-orientation.fr\/index.php\/wp-json\/wp\/v2\/types\/post"}],"author":[{"embeddable":true,"href":"https:\/\/caponord-sports-orientation.fr\/index.php\/wp-json\/wp\/v2\/users\/27"}],"replies":[{"embeddable":true,"href":"https:\/\/caponord-sports-orientation.fr\/index.php\/wp-json\/wp\/v2\/comments?post=515"}],"version-history":[{"count":0,"href":"https:\/\/caponord-sports-orientation.fr\/index.php\/wp-json\/wp\/v2\/posts\/515\/revisions"}],"wp:attachment":[{"href":"https:\/\/caponord-sports-orientation.fr\/index.php\/wp-json\/wp\/v2\/media?parent=515"}],"wp:term":[{"taxonomy":"category","embeddable":true,"href":"https:\/\/caponord-sports-orientation.fr\/index.php\/wp-json\/wp\/v2\/categories?post=515"},{"taxonomy":"post_tag","embeddable":true,"href":"https:\/\/caponord-sports-orientation.fr\/index.php\/wp-json\/wp\/v2\/tags?post=515"}],"curies":[{"name":"wp","href":"https:\/\/api.w.org\/{rel}","templated":true}]}}